{"id":1060,"date":"2019-09-11T17:59:31","date_gmt":"2019-09-11T15:59:31","guid":{"rendered":"https:\/\/alesmyriapolis.com\/?p=1060"},"modified":"2020-06-11T10:23:17","modified_gmt":"2020-06-11T08:23:17","slug":"porteurs-de-projet-entrepreneurs-candidatez-au-concours-ales-audace-2019","status":"publish","type":"post","link":"https:\/\/www.alesmyriapolis.com\/index.php\/2019\/09\/11\/porteurs-de-projet-entrepreneurs-candidatez-au-concours-ales-audace-2019\/","title":{"rendered":"Porteurs de projet, entrepreneurs, candidatez au concours Al\u00e8s Audace 2019 !"},"content":{"rendered":"<p><strong>Vous avez de l\u2019audace et un projet ? Lancez-vous ! En effet, cette ann\u00e9e encore Al\u00e8s Agglom\u00e9ration, Al\u00e8s Myriapolis et leurs partenaires sortent le grand jeu avec le concours <a href=\"https:\/\/www.ales-audace.fr\/\" target=\"_blank\" rel=\"noopener\">Al\u00e8s Audace<\/a>, un concours ouvert \u00e0 tous les projets porteurs de d\u00e9veloppement \u00e9conomique, touristique, culturel. Tous secteurs, toutes cat\u00e9gories !<\/strong><\/p>\n<p><!--more--><\/p>\n<h5>Le concours Al\u00e8s Audace<\/h5>\n<p>Pour la huiti\u00e8me ann\u00e9e cons\u00e9cutive, Al\u00e8s Audace r\u00e9serve une dotation exceptionnelle de 130 000 \u20ac aux laur\u00e9ats et un appui strat\u00e9gique aux candidats les plus m\u00e9ritants.<\/p>\n<p>Cr\u00e9\u00e9 en 2012, le concours a permis d&rsquo;attribuer depuis sa cr\u00e9ation 760 000 \u20ac de dotations qui ont r\u00e9compens\u00e9 plus de 55 projets de cr\u00e9ation ou de d\u00e9veloppement sur le territoire Al\u00e8s-C\u00e9vennes.\u00a0\u00ab <em>Au-del\u00e0 de la somme d\u2019argent qu\u2019ils peuvent recevoir, les laur\u00e9ats appr\u00e9cient aussi l\u2019accompagnement que nous leur proposons apr\u00e8s le concours<\/em>, explique Annick Le Lan, directrice d\u2019Al\u00e8s Myriapolis. <em>Sans compter que ce prix Al\u00e8s Audace rajoute aussi de la cr\u00e9dibilit\u00e9 au moment de d\u00e9marcher des partenaires financiers<\/em> \u00bb.<\/p>\n<p><img loading=\"lazy\" decoding=\"async\" class=\"aligncenter wp-image-1066\" src=\"https:\/\/alesmyriapolis.com\/wp-content\/uploads\/2019\/09\/laureats-audace-2018-1-1024x657.jpg\" alt=\"\" width=\"700\" height=\"449\" srcset=\"https:\/\/www.alesmyriapolis.com\/wp-content\/uploads\/2019\/09\/laureats-audace-2018-1-1024x657.jpg 1024w, https:\/\/www.alesmyriapolis.com\/wp-content\/uploads\/2019\/09\/laureats-audace-2018-1-300x192.jpg 300w, https:\/\/www.alesmyriapolis.com\/wp-content\/uploads\/2019\/09\/laureats-audace-2018-1-768x493.jpg 768w, https:\/\/www.alesmyriapolis.com\/wp-content\/uploads\/2019\/09\/laureats-audace-2018-1-700x449.jpg 700w, https:\/\/www.alesmyriapolis.com\/wp-content\/uploads\/2019\/09\/laureats-audace-2018-1.jpg 2000w\" sizes=\"auto, (max-width: 700px) 100vw, 700px\" \/><\/p>\n<h5><\/h5>\n<h5>Le d\u00e9fi \u00ab\u00a0num\u00e9rique\u00a0\u00bb<\/h5>\n<p>Pour l\u2019\u00e9dition 2019, le concours propose aux candidats de concourir dans \u00a0un d\u00e9fi sp\u00e9cial \u201cNum\u00e9rique\u201d. Ce d\u00e9fi s\u2019inscrit dans le cadre de la fili\u00e8re num\u00e9rique et est d\u00e9di\u00e9 aux initiatives, cr\u00e9ations et d\u00e9veloppements de projets dans cette fili\u00e8re : jeux, animation, cr\u00e9ation de contenus, design et toute activit\u00e9 se rapportant \u00e0 ces domaines.<\/p>\n<h5><\/h5>\n<h5>Nos conseils<\/h5>\n<p>Soyez vraiment inventif,\u00a0expliquez bien l\u2019originalit\u00e9 et l\u2019utilit\u00e9\u00a0de votre projet et \u00ab b\u00e9tonnez \u00bb vos argumentations afin que le jury\u00a0s\u2019int\u00e9resse \u00e0 la faisabilit\u00e9 de votre projet et \u00e0 la justification d\u2019une aide\u00a0financi\u00e8re ou technique.<\/p>\n<p>Enfin, derni\u00e8re recommandation : ne confondez\u00a0pas vitesse et pr\u00e9cipitation !\u00a0Les <strong><a href=\"http:\/\/www.ales-audace.fr\/concourir-a-ledition-2019\/\" target=\"_blank\" rel=\"noopener\">inscriptions<\/a> <\/strong>d\u00e9butent \u00e0 partir du 26 ao\u00fbt, mais vous avez jusqu\u2019au 20 octobre,\u00a0 23h59 pour d\u00e9poser en ligne votre candidature ou l\u2019envoyer par la Poste.\u00a0Cela vous laisse un peu de temps pour peaufiner votre projet et votre argumentaire.<\/p>\n<h5><\/h5>\n<h5>Pour participer et s&rsquo;inscrire<\/h5>\n<ul>\n<li>\u00c0 partir du 26 ao\u00fbt 2019,\u00a0t\u00e9l\u00e9chargez votre <strong><a href=\"http:\/\/www.ales-audace.fr\/concourir-a-ledition-2019\/\" target=\"_blank\" rel=\"noopener\">dossier de candidature<\/a>.<\/strong><\/li>\n<li>Remplissez ce dossier, en veillant bien \u00e0 la clart\u00e9 et \u00e0 la pertinence de vos informations.<\/li>\n<li>Jusqu\u2019au 20 octobre 2019, 23h59,\u00a0d\u00e9posez en ligne votre dossier de candidature\u00a0sur<strong>\u00a0<a href=\"http:\/\/www.ales-audace.fr\/\" target=\"_blank\" rel=\"noopener\">www.ales-audace.fr<\/a>\u00a0<\/strong>ou postez-le \u00e0 : Concours Al\u00e8s Audace, Al\u00e8s Agglom\u00e9ration, Service D\u00e9veloppement Economique, 2 rue Michelet, 30100 Al\u00e8s.<\/li>\n<li>Entre le 14 et le 22 novembre 2019, apr\u00e8s ouverture et analyse des plis par le jury de pr\u00e9-s\u00e9lection, les projets pr\u00e9-s\u00e9lectionn\u00e9s seront retenus pour une pr\u00e9sentation orale devant un Jury compos\u00e9 de 6 \u00e0 9 personnes, repr\u00e9sentant les partenaires du concours et le monde de l\u2019entreprise, de la formation, de la culture, du tourisme et des structures institutionnelles locales.<\/li>\n<li>Du 2 au 8 d\u00e9cembre 2019, place aux votes du public sur\u00a0ales-audace.fr.<\/li>\n<li>Le 9 d\u00e9cembre 2019, l\u2019annonce des r\u00e9sultats et la remise officielle des prix auront lieu au Crat\u00e8re d\u2019Al\u00e8s, lors de la grande soir\u00e9e Al\u00e8s Audace.<\/li>\n<\/ul>\n<h5><\/h5>\n<h5>Les crit\u00e8res de s\u00e9lection<\/h5>\n<ul>\n<li>Originalit\u00e9 et audace du projet<\/li>\n<li>Engagement et motivation du candidat<\/li>\n<li>Faisabilit\u00e9 (technique, \u00e9conomique, commerciale) et chance d\u2019aboutir<\/li>\n<li>Int\u00e9r\u00eat du projet pour le territoire d\u2019Al\u00e8s Agglom\u00e9ration sur le plan \u00e9conomique, culturel, touristique ou \u00e9v\u00e9nementiel<\/li>\n<li>Participation du projet au renforcement de l\u2019image d\u2019Al\u00e8s Agglom\u00e9ration et de son attractivit\u00e9 (retomb\u00e9es m\u00e9diatiques\u2026)<\/li>\n<li>D\u00e9fi \u00ab Num\u00e9rique \u00bb : projet favorisant la fili\u00e8re num\u00e9rique et le d\u00e9veloppement de la cr\u00e9ation des porteurs de projet, projet favorisant la transformation digitale, l\u2019accroissement de l\u2019emploi de cette fili\u00e8re, projet favorisant l\u2019attractivit\u00e9 de l\u2019agglom\u00e9ration.<\/li>\n<\/ul>\n<h5><\/h5>\n<h5>La vid\u00e9o du concours<\/h5>\n<p><iframe loading=\"lazy\" src=\"https:\/\/www.youtube.com\/embed\/sD7O7kW6zWY\" width=\"560\" height=\"315\" frameborder=\"0\" allowfullscreen=\"allowfullscreen\"><\/iframe><\/p>\n<h5><\/h5>\n<h5>L&rsquo;article du Journal d&rsquo;Al\u00e8s Agglom\u00e9ration<\/h5>\n<p><img loading=\"lazy\" decoding=\"async\" class=\"aligncenter size-full wp-image-1064\" src=\"https:\/\/alesmyriapolis.com\/wp-content\/uploads\/2019\/09\/Ale\u0300s-Audace-2019-journal-de-lagglo.jpg\" alt=\"\" width=\"1496\" height=\"1074\" srcset=\"https:\/\/www.alesmyriapolis.com\/wp-content\/uploads\/2019\/09\/Ale\u0300s-Audace-2019-journal-de-lagglo.jpg 1496w, https:\/\/www.alesmyriapolis.com\/wp-content\/uploads\/2019\/09\/Ale\u0300s-Audace-2019-journal-de-lagglo-300x215.jpg 300w, https:\/\/www.alesmyriapolis.com\/wp-content\/uploads\/2019\/09\/Ale\u0300s-Audace-2019-journal-de-lagglo-768x551.jpg 768w, https:\/\/www.alesmyriapolis.com\/wp-content\/uploads\/2019\/09\/Ale\u0300s-Audace-2019-journal-de-lagglo-1024x735.jpg 1024w, https:\/\/www.alesmyriapolis.com\/wp-content\/uploads\/2019\/09\/Ale\u0300s-Audace-2019-journal-de-lagglo-700x503.jpg 700w\" sizes=\"auto, (max-width: 1496px) 100vw, 1496px\" \/><\/p>\n<h5>Ils en ont aussi parl\u00e9<\/h5>\n<ul>\n<li>L&rsquo;article de <strong><a href=\"https:\/\/www.objectifgard.com\/2019\/08\/27\/ales-audace-sans-pretention-et-sans-complexe-le-concours-repart-pour-une-8e-edition\/\" target=\"_blank\" rel=\"noopener\">Midi Libre<\/a><\/strong><\/li>\n<li>L&rsquo;article d&rsquo;<strong><a href=\"https:\/\/www.midilibre.fr\/2019\/08\/27\/cevennes-ledition-2019-du-concours-ales-audace-est-lancee,8378891.php\" target=\"_blank\" rel=\"noopener\">Objectif Gard<\/a><\/strong><\/li>\n<\/ul>\n","protected":false},"excerpt":{"rendered":"<p>Vous avez de l\u2019audace et un projet ? Lancez-vous ! En effet, cette ann\u00e9e encore Al\u00e8s Agglom\u00e9ration, Al\u00e8s Myriapolis et leurs partenaires sortent le grand jeu avec le concours Al\u00e8s&#8230;<\/p>\n","protected":false},"author":3,"featured_media":1061,"comment_status":"open","ping_status":"open","sticky":false,"template":"","format":"standard","meta":{"footnotes":"","_links_to":"","_links_to_target":""},"categories":[70,21],"tags":[89,115,92,93,110,111],"class_list":["post-1060","post","type-post","status-publish","format-standard","has-post-thumbnail","hentry","category-ales-audace","category-toute-l-actu","tag-ales","tag-ales-agglomeration","tag-ales-audace","tag-concours","tag-gard","tag-occitanie"],"_links":{"self":[{"href":"https:\/\/www.alesmyriapolis.com\/index.php\/wp-json\/wp\/v2\/posts\/1060","targetHints":{"allow":["GET"]}}],"collection":[{"href":"https:\/\/www.alesmyriapolis.com\/index.php\/wp-json\/wp\/v2\/posts"}],"about":[{"href":"https:\/\/www.alesmyriapolis.com\/index.php\/wp-json\/wp\/v2\/types\/post"}],"author":[{"embeddable":true,"href":"https:\/\/www.alesmyriapolis.com\/index.php\/wp-json\/wp\/v2\/users\/3"}],"replies":[{"embeddable":true,"href":"https:\/\/www.alesmyriapolis.com\/index.php\/wp-json\/wp\/v2\/comments?post=1060"}],"version-history":[{"count":9,"href":"https:\/\/www.alesmyriapolis.com\/index.php\/wp-json\/wp\/v2\/posts\/1060\/revisions"}],"predecessor-version":[{"id":1072,"href":"https:\/\/www.alesmyriapolis.com\/index.php\/wp-json\/wp\/v2\/posts\/1060\/revisions\/1072"}],"wp:featuredmedia":[{"embeddable":true,"href":"https:\/\/www.alesmyriapolis.com\/index.php\/wp-json\/wp\/v2\/media\/1061"}],"wp:attachment":[{"href":"https:\/\/www.alesmyriapolis.com\/index.php\/wp-json\/wp\/v2\/media?parent=1060"}],"wp:term":[{"taxonomy":"category","embeddable":true,"href":"https:\/\/www.alesmyriapolis.com\/index.php\/wp-json\/wp\/v2\/categories?post=1060"},{"taxonomy":"post_tag","embeddable":true,"href":"https:\/\/www.alesmyriapolis.com\/index.php\/wp-json\/wp\/v2\/tags?post=1060"}],"curies":[{"name":"wp","href":"https:\/\/api.w.org\/{rel}","templated":true}]}}