{"id":1452,"date":"2020-05-07T07:30:47","date_gmt":"2020-05-07T05:30:47","guid":{"rendered":"https:\/\/alesmyriapolis.com\/?p=1452"},"modified":"2020-05-07T07:38:59","modified_gmt":"2020-05-07T05:38:59","slug":"covid19-focus-sur-le-fonds-de-solidarite","status":"publish","type":"post","link":"https:\/\/www.alesmyriapolis.com\/index.php\/2020\/05\/07\/covid19-focus-sur-le-fonds-de-solidarite\/","title":{"rendered":"#COVID19 Focus sur le fonds de solidarit\u00e9"},"content":{"rendered":"<p>L\u2019\u00c9tat a mis en place, avec les R\u00e9gions, un fonds de solidarit\u00e9 qui permettra le versement d\u2019une aide d\u00e9fiscalis\u00e9e aux plus petites entreprises, aux ind\u00e9pendants, aux micro-entrepreneurs et aux professions lib\u00e9rales touch\u00e9s par la crise du coronavirus.<\/p>\n<p>En Occitanie, ce fonds est compos\u00e9 de\u00a0<strong>4 volets :<\/strong><\/p>\n<p>&nbsp;<\/p>\n<p><strong>Volet 1 (mobilisable pour les mois de mars et avril)<\/strong><\/p>\n<p>Sont concern\u00e9s les tr\u00e8s petites entreprises (moins de 10 salari\u00e9s), ind\u00e9pendants, micro-entrepreneurs et professions lib\u00e9rales ayant un chiffre d\u2019affaires inf\u00e9rieur \u00e0 1 million d\u2019euros et un b\u00e9n\u00e9fice annuel imposable inf\u00e9rieur \u00e0 60\u00a0000\u00a0\u20ac et qui :<\/p>\n<ul>\n<li>subissent une interdiction d\u2019accueil du public, m\u00eame s\u2019il y a une activit\u00e9 r\u00e9siduelle telle que la vente \u00e0 emporter, la livraison et les retraits de commandes, \u00ab room service \u00bb<\/li>\n<\/ul>\n<p><strong>OU<\/strong><\/p>\n<ul>\n<li>Pour l\u2019aide vers\u00e9e au titre du mois de mars : qui connaissent une perte de chiffre d\u2019affaires d\u2019au moins 50 % au mois de mars 2020 par rapport au mois de mars 2019 ;<\/li>\n<li>Pour l\u2019aide vers\u00e9e au titre du mois d\u2019avril : qui connaissent une perte de chiffre d\u2019affaires d\u2019au moins 50 % au mois d\u2019avril 2020 par rapport au mois d\u2019avril 2019 ou au chiffre d\u2019affaires mensuel moyen sur 2019.<\/li>\n<\/ul>\n<p>&nbsp;<\/p>\n<p>Les agriculteurs membres d\u2019un groupement agricole d\u2019exploitation en commun (GAEC), les artistes-auteurs, et les entreprises en redressement judiciaire ou en proc\u00e9dure de sauvegarde pourront \u00e9galement b\u00e9n\u00e9ficier du fonds de solidarit\u00e9.<\/p>\n<p>&nbsp;<\/p>\n<p>Le dispositif intervient sous la forme d\u2019une aide d\u2019un montant \u00e9gal \u00e0 la perte d\u00e9clar\u00e9e de chiffre d\u2019affaires,\u00a0dans la limite de 1 500 \u20ac.<\/p>\n<p>Les demandes se font en ligne\u00a0<a href=\"https:\/\/www.impots.gouv.fr\/\" target=\"_blank\" rel=\"noopener\"><strong>sur le site des imp\u00f4ts<\/strong><\/a><\/p>\n<p><strong><a href=\"https:\/\/www.impots.gouv.fr\/portail\/files\/media\/cabcom\/covid19\/fonds_soutien_pas_a_pas_tpe_v2.pdf\">&gt;&gt; Tout savoir avec le guide de saisie en ligne pas \u00e0 pas<\/a><\/strong><\/p>\n<p>&nbsp;<\/p>\n<p><strong>Volet 2 (mobilisable pour les mois de mars et avril)<\/strong><\/p>\n<p>Les entreprises concern\u00e9es par le 1<sup>er<\/sup>\u00a0volet et ayant au moins 1 salari\u00e9, pourront b\u00e9n\u00e9ficier d\u2019une aide compl\u00e9mentaire d\u2019un montant de 2\u00a0000 \u00e0 5\u00a0000 \u20ac lorsque :<\/p>\n<ul>\n<li>elles se trouvent dans l\u2019impossibilit\u00e9 de r\u00e9gler leurs dettes exigibles dans les trente jours et le montant de leurs charges fixes, y compris les loyers commerciaux ou professionnels, dues au titre des mois de mars et avril 2020 ;<\/li>\n<li>elles ont vu leur demande d\u2019un pr\u00eat de tr\u00e9sorerie faite depuis le 1er mars 2020, aupr\u00e8s d\u2019une banque dont elles \u00e9taient clientes \u00e0 cette date, refus\u00e9e ou rest\u00e9e sans r\u00e9ponse pass\u00e9 un d\u00e9lai de dix jours.<\/li>\n<\/ul>\n<p>Le montant de cette aide est calcul\u00e9 comme suit\u00a0:<\/p>\n<ul>\n<li>Si CA annuel inf\u00e9rieur ou \u00e9gal \u00e0 200 000 \u20ac : subvention forfaitaire de 2 000 \u20ac<\/li>\n<li>Si CA annuel sup\u00e9rieur \u00e0 200 000 \u20ac et inf\u00e9rieur \u00e0 600 000 \u20ac :\n<ul>\n<li>et solde de tr\u00e9sorerie compris entre \u2013 2 000\u20ac et 2 000\u20ac : subvention forfaitaire de 2 000\u20ac<\/li>\n<li>et solde de tr\u00e9sorerie inf\u00e9rieur de \u2013 2 000 \u20ac : subvention \u00e9gale au solde de tr\u00e9sorerie dans la limite de 3 500 \u20ac maximum<\/li>\n<\/ul>\n<\/li>\n<li>Si CA annuel sup\u00e9rieur ou \u00e9gal \u00e0 600 000 \u20ac :\n<ul>\n<li>et solde de tr\u00e9sorerie compris entre \u2013 2 000\u20ac et 2 000\u20ac : subvention forfaitaire de 2 000\u20ac<\/li>\n<li>et solde de tr\u00e9sorerie inf\u00e9rieur de \u2013 2 000 \u20ac : subvention \u00e9gale au solde de tr\u00e9sorerie dans la limite de 5 000 \u20ac maximum<\/li>\n<\/ul>\n<\/li>\n<\/ul>\n<p>Les demandes se font sur la\u00a0<a href=\"https:\/\/mesaidesenligne.laregion.fr\/\" target=\"_blank\" rel=\"noopener\"><strong>plateforme r\u00e9gionale \u201cMes aides en ligne\u201d<\/strong><\/a><strong><br \/>\n<\/strong><\/p>\n<p>D\u00e9p\u00f4t des demandes avant le 31\/05<\/p>\n<p><strong>Informations d\u00e9taill\u00e9es pour les volets 1 et 2\u00a0:\u00a0<a href=\"https:\/\/www.economie.gouv.fr\/files\/files\/PDF\/2020\/DP-Fonds_de_solidarite.pdf\" target=\"_blank\" rel=\"noopener\">FAQ \u2013 Fonds de solidarit\u00e9<\/a><br \/>\n<\/strong><\/p>\n<p>&nbsp;<\/p>\n<p><strong>Volet 2 Bis (mobilisable uniquement pour le mois d\u2019avril)<\/strong><\/p>\n<p>Le Fonds de solidarit\u00e9 Occitanie Volet 2 Bis est mobilisable pour le mois d\u2019avril. Cette aide est cumulable avec le Volet 1 Etat, mais non cumulable avec le volet 2.<\/p>\n<p><strong>Cible\u00a0:<\/strong>\u00a0Entreprises dont celles de l\u2019agro-alimentaire et les exploitations agricoles r\u00e9pondant aux conditions suivantes :<\/p>\n<ul>\n<li>Structures de 0 \u00e0 50 salari\u00e9s (hors celles appartenant \u00e0 un groupe de soci\u00e9t\u00e9s) : TPE ind\u00e9pendantes, micro-entrepreneurs, ind\u00e9pendants, professions lib\u00e9rales<\/li>\n<li>Structures immatricul\u00e9es avant le 1er f\u00e9vrier 2020<\/li>\n<li>Tout statut (soci\u00e9t\u00e9 ou entrepreneur individuel)<\/li>\n<li>Tout r\u00e9gime fiscal et social (micro-entrepreneurs inclus)<\/li>\n<li>Tout secteur d\u2019activit\u00e9<\/li>\n<li>Chiffre d\u2019affaires 2019 sup\u00e9rieur \u00e0 35 000 \u20ac (ou sur le dernier exercice clos)<\/li>\n<li>Ayant subi une perte de chiffre d\u2019affaires de plus de 20 % entre le mois d\u2019avril 2019 et le mois d\u2019avril 2020<\/li>\n<\/ul>\n<p><strong>Ou :<\/strong><\/p>\n<ul>\n<li>Pour les entreprises immatricul\u00e9es avant le 1er avril 2019, ayant subi une perte de Chiffre d\u2019affaires de plus de 20% en avril 2020 par rapport au CA mensuel moyen des 12 derniers mois<\/li>\n<li>pour les entreprises immatricul\u00e9es apr\u00e8s le 1er avril 2019, ayant subi une perte de Chiffre d\u2019affaires de plus de 20% par rapport Chiffre d\u2019Affaires mensuel moyen depuis la date d \u2018immatriculation<\/li>\n<li>N\u2019ayant pas b\u00e9n\u00e9fici\u00e9 du PGE (Pr\u00eat Garanti Etat)<\/li>\n<li>N\u2019ayant pas b\u00e9n\u00e9fici\u00e9 du volet 2 du Fonds de solidarit\u00e9 national<\/li>\n<li>N\u2019ayant pas b\u00e9n\u00e9fici\u00e9 du Fonds de solidarit\u00e9 de l\u2019URSSAF<\/li>\n<\/ul>\n<p><strong>Montant forfaitaire de la subvention :<\/strong><\/p>\n<ul>\n<li>Ind\u00e9pendants ou 0 salari\u00e9 : 1 000\u20ac<\/li>\n<li>Entreprises de 1 \u00e0 10 salari\u00e9s : 2 000\u20ac<\/li>\n<li>Entreprises de 11 \u00e0 50 salari\u00e9s : 4 000\u20ac<\/li>\n<\/ul>\n<p>&nbsp;<\/p>\n<p>Les demandes se feront sur la plateforme r\u00e9gionale\u00a0<a href=\"https:\/\/mesaidesenligne.laregion.fr\/\">https:\/\/mesaidesenligne.laregion.fr<\/a><\/p>\n<p>D\u00e9p\u00f4t des dossiers avant le 30\/06<\/p>\n<p>Plus d\u2019infos sur les volets 2, 3\u00a0et 2Bis :\u00a0<strong><a href=\"https:\/\/hubentreprendre.laregion.fr\/\">Hub Entreprendre Occitanie<\/a><\/strong><\/p>\n<p>&nbsp;<\/p>\n<p><strong>Volet 3 (mobilisable uniquement pour le mois de mars)<\/strong><\/p>\n<p>Il s\u2019agit d\u2019un dispositif solidarit\u00e9\u00a0<strong>sp\u00e9cifique \u00e0 l\u2019Occitanie<\/strong>\u00a0avec une aide de la R\u00e9gion pour les entreprises de 0 \u00e0 10 salari\u00e9s (TPE, ind\u00e9pendants, et micro-entrepreneurs), ayant un chiffre d\u2019affaires inf\u00e9rieur \u00e0 1 million d\u2019euros et un b\u00e9n\u00e9fice annuel imposable inf\u00e9rieur \u00e0 60 000 \u20ac, non vis\u00e9es par la fermeture administrative et dont le chiffre d\u2019affaires aura baiss\u00e9 de 40 \u00e0 50\u00a0% entre mars 2019 et mars 2020.<\/p>\n<ul>\n<li>Une aide de 1000\u20ac sera vers\u00e9e pour les ind\u00e9pendants ou les entreprises \u00e0 0 salari\u00e9,<\/li>\n<li>Une aide de 1500\u20ac sera vers\u00e9e aux entreprises de 1 \u00e0 10 salari\u00e9s.<\/li>\n<\/ul>\n<p>Les demandes se feront sur la\u00a0<a href=\"https:\/\/mesaidesenligne.laregion.fr\/\" target=\"_blank\" rel=\"noopener\"><strong>plateforme r\u00e9gionale \u201cMes aides en ligne\u201d<\/strong><\/a><strong><br \/>\n<\/strong>D\u00e9p\u00f4t des dossiers avant le 31\/05<\/p>\n<p>&nbsp;<\/p>\n<p><strong>PLUS D&rsquo;INFOS SUR TOUTES LES AUTRES MESURES &gt;&gt;<\/strong>\u00a0<strong><a href=\"https:\/\/alesmyriapolis.com\/index.php\/cellule-eco-covid19\/\">https:\/\/alesmyriapolis.com\/index.php\/cellule-eco-covid19\/<\/a><\/strong><\/p>\n","protected":false},"excerpt":{"rendered":"<p>L\u2019\u00c9tat a mis en place, avec les R\u00e9gions, un fonds de solidarit\u00e9 qui permettra le versement d\u2019une aide d\u00e9fiscalis\u00e9e aux plus petites entreprises, aux ind\u00e9pendants, aux micro-entrepreneurs et aux professions&#8230;<\/p>\n","protected":false},"author":1,"featured_media":1454,"comment_status":"closed","ping_status":"open","sticky":false,"template":"","format":"standard","meta":{"footnotes":"","_links_to":"","_links_to_target":""},"categories":[134,21],"tags":[],"class_list":["post-1452","post","type-post","status-publish","format-standard","has-post-thumbnail","hentry","category-covid19","category-toute-l-actu"],"_links":{"self":[{"href":"https:\/\/www.alesmyriapolis.com\/index.php\/wp-json\/wp\/v2\/posts\/1452","targetHints":{"allow":["GET"]}}],"collection":[{"href":"https:\/\/www.alesmyriapolis.com\/index.php\/wp-json\/wp\/v2\/posts"}],"about":[{"href":"https:\/\/www.alesmyriapolis.com\/index.php\/wp-json\/wp\/v2\/types\/post"}],"author":[{"embeddable":true,"href":"https:\/\/www.alesmyriapolis.com\/index.php\/wp-json\/wp\/v2\/users\/1"}],"replies":[{"embeddable":true,"href":"https:\/\/www.alesmyriapolis.com\/index.php\/wp-json\/wp\/v2\/comments?post=1452"}],"version-history":[{"count":5,"href":"https:\/\/www.alesmyriapolis.com\/index.php\/wp-json\/wp\/v2\/posts\/1452\/revisions"}],"predecessor-version":[{"id":1490,"href":"https:\/\/www.alesmyriapolis.com\/index.php\/wp-json\/wp\/v2\/posts\/1452\/revisions\/1490"}],"wp:featuredmedia":[{"embeddable":true,"href":"https:\/\/www.alesmyriapolis.com\/index.php\/wp-json\/wp\/v2\/media\/1454"}],"wp:attachment":[{"href":"https:\/\/www.alesmyriapolis.com\/index.php\/wp-json\/wp\/v2\/media?parent=1452"}],"wp:term":[{"taxonomy":"category","embeddable":true,"href":"https:\/\/www.alesmyriapolis.com\/index.php\/wp-json\/wp\/v2\/categories?post=1452"},{"taxonomy":"post_tag","embeddable":true,"href":"https:\/\/www.alesmyriapolis.com\/index.php\/wp-json\/wp\/v2\/tags?post=1452"}],"curies":[{"name":"wp","href":"https:\/\/api.w.org\/{rel}","templated":true}]}}