{"id":2416,"date":"2021-03-24T11:51:28","date_gmt":"2021-03-24T10:51:28","guid":{"rendered":"https:\/\/www.alesmyriapolis.com\/?p=2416"},"modified":"2021-04-13T17:30:03","modified_gmt":"2021-04-13T15:30:03","slug":"objectif-emploi-en-ligne","status":"publish","type":"post","link":"https:\/\/www.alesmyriapolis.com\/index.php\/2021\/03\/24\/objectif-emploi-en-ligne\/","title":{"rendered":"Objectif emploi en ligne"},"content":{"rendered":"<p>Au regard du contexte sanitaire, Al\u00e8s Agglom\u00e9ration et P\u00f4le emploi co-organisent le salon <strong>\u00ab OBJECTIF EMPLOI \u00bb 2021 Al\u00e8s sous un nouveau format 100% en ligne du samedi 27 mars au vendredi 30 avril 2021 !<\/strong><\/p>\n<p><strong>CONNECTEZ-VOUS, quand vous le voulez, o\u00f9 vous le souhaitez, en cliquant sur <a href=\"http:\/\/objectifemploi-ales.fr\" target=\"_blank\" rel=\"noopener\">objectifemploi-ales.fr<\/a><\/strong><\/p>\n<p>&nbsp;<\/p>\n<h4>2 \u00c9TAPES \u00c0 NE PAS MANQUER :<\/h4>\n<p>&nbsp;<\/p>\n<p><strong>1. Du 27 mars jusqu\u2019au 11 avril : DIFFUSION DES OFFRES D\u2019EMPLOI ET OUVERTURE DES CANDIDATURES EN LIGNE<\/strong><\/p>\n<p>&#8211; D\u00e9couvrez les offres d\u2019emploi et postulez en ligne au salon objectif emploi Al\u00e8s<br \/>\n&#8211; Retrouvez les entreprises qui recrutent dans les secteurs de l\u2019industrie, du commerce, du b\u00e2timent, des services (sant\u00e9, aide \u00e0 domicile, nettoyage\u2026) et les offres d\u2019emplois saisonniers.<\/p>\n<p><strong>2. Du 5 avril jusqu\u2019au 30 avril : ENTRETIENS AVEC LES ENTREPRISES<\/strong><\/p>\n<p>&#8211; R\u00e9alisez vos entretiens avec les entreprises en visioconf\u00e9rence ou par t\u00e9l\u00e9phone<br \/>\nLorsque votre candidature est retenue, vous choisissez un cr\u00e9neau horaire pour passer votre entretien d\u2019embauche sans vous d\u00e9placer.<\/p>\n<p>&nbsp;<\/p>\n<h4>DES WEBCONF\u00c9RENCES POUR TOUT SAVOIR SUR LES SECTEURS QUI RECRUTENT<\/h4>\n<p>&nbsp;<\/p>\n<p><strong>Du 29 mars au 30 avril, participez \u00e9galement \u00e0 des WEB CONF\u00c9RENCES<\/strong> pour d\u00e9couvrir les m\u00e9tiers qui recrutent sur Al\u00e8s et alentours, avec l\u2019intervention de chefs d\u2019entreprises, d\u2019organismes de formations, f\u00e9d\u00e9rations, des t\u00e9moignages de parcours de r\u00e9ussites&#8230;<\/p>\n<p>&nbsp;<\/p>\n<p><strong>PROGRAMME DES WEBCONF\u00c9RENCES :<\/strong><\/p>\n<ul>\n<li style=\"font-weight: 400;\"><strong>15\/04\/21 de 10h30 \u00e0 12h00 <\/strong>&#8211; <strong>\u00a0On recrute dans les m\u00e9tiers de l\u2019Industrie \/ Agro-alimentaire . <\/strong>Venez d\u00e9couvrir des t\u00e9moignages d\u2019employeurs !<strong><br \/>\nINSCRIPTION :<\/strong> <a href=\"https:\/\/app.livestorm.co\/pole-emploi-971\/les-metiers-de-lindustrie-agro-alimentaire-recrutent-venez-decouvrir-des-temoignages-demployeurs\" target=\"_blank\" rel=\"noopener\" data-saferedirecturl=\"https:\/\/www.google.com\/url?q=https:\/\/app.livestorm.co\/pole-emploi-971\/les-metiers-de-lindustrie-agro-alimentaire-recrutent-venez-decouvrir-des-temoignages-demployeurs&amp;source=gmail&amp;ust=1618313375169000&amp;usg=AFQjCNFUdNVvypXR-tsqqtqEoOYRY2WcVA\"><strong>https:\/\/app.livestorm.co\/pole-emploi-971\/les-metiers-de-lindustrie-agro-alimentaire-recrutent-venez-decouvrir-des-temoignages-demployeurs<\/strong><\/a><\/li>\n<\/ul>\n<p style=\"font-weight: 400;\"><strong>\u00a0<\/strong><\/p>\n<ul>\n<li style=\"font-weight: 400;\"><strong>22\/04\/21 de 10h30 \u00e0 12h00<\/strong> &#8211;<strong> \u00a0On recrute dans les m\u00e9tiers du BATIMENT avec les CLAUSES SOCIALES. Venez d\u00e9couvrir des t\u00e9moignages d\u2019employeurs !<br \/>\nINSCRIPTION :<\/strong>\u00a0<a href=\"https:\/\/app.livestorm.co\/pole-emploi-971\/les-metiers-du-batiment-recrutent-venez-decouvrir-des-temoignages-demployeurs\" target=\"_blank\" rel=\"noopener\" data-saferedirecturl=\"https:\/\/www.google.com\/url?q=https:\/\/app.livestorm.co\/pole-emploi-971\/les-metiers-du-batiment-recrutent-venez-decouvrir-des-temoignages-demployeurs&amp;source=gmail&amp;ust=1618313375169000&amp;usg=AFQjCNHjqvly66d5RSHi9suikBif--fEiQ\"><strong>https:\/\/app.livestorm.co\/pole-emploi-971\/les-metiers-du-batiment-recrutent-venez-decouvrir-des-temoignages-demployeurs<\/strong><\/a><\/li>\n<\/ul>\n<p style=\"font-weight: 400;\"><strong>\u00a0<\/strong><\/p>\n<ul>\n<li style=\"font-weight: 400;\"><strong>27\/04\/21 de 10h30 \u00e0 12h00 &#8211; Int\u00e9grer les m\u00e9tiers de la sant\u00e9. D\u00e9couvrez les possibilit\u00e9s sur Al\u00e8s !<\/strong><br \/>\n<strong>INSCRIPTION :<\/strong> <a href=\"https:\/\/app.livestorm.co\/pole-emploi-971\/integrer-les-metiers-de-la-sante-decouvrez-les-possibilites-sur-ales\" target=\"_blank\" rel=\"noopener\" data-saferedirecturl=\"https:\/\/www.google.com\/url?q=https:\/\/app.livestorm.co\/pole-emploi-971\/integrer-les-metiers-de-la-sante-decouvrez-les-possibilites-sur-ales&amp;source=gmail&amp;ust=1618313375169000&amp;usg=AFQjCNFbu9b6FSqTE-3VXmt9ik8DgQibXA\"><strong>https:\/\/app.livestorm.co\/pole-emploi-971\/integrer-les-metiers-de-la-sante-decouvrez-les-possibilites-sur-ales<\/strong><\/a><\/li>\n<\/ul>\n<p>&nbsp;<\/p>\n<ul>\n<li style=\"font-weight: 400;\"><strong>29\/04\/21 de 10h30 \u00e0 12h00<\/strong> &#8211;<strong> Zoom sur les contrats aid\u00e9s : leviers pour votre recrutement !<br \/>\nINSCRIPTION : <\/strong><a href=\"https:\/\/app.livestorm.co\/pole-emploi-971\/zoom-sur-les-contrats-aides-leviers-pour-votre-recrutement\" target=\"_blank\" rel=\"noopener\" data-saferedirecturl=\"https:\/\/www.google.com\/url?q=https:\/\/app.livestorm.co\/pole-emploi-971\/zoom-sur-les-contrats-aides-leviers-pour-votre-recrutement&amp;source=gmail&amp;ust=1618313375169000&amp;usg=AFQjCNGEAodPm1WSWFmlcOFsS7pDDLHyng\"><strong>https:\/\/app.livestorm.co\/pole-emploi-971\/zoom-sur-les-contrats-aides-leviers-pour-votre-recrutement<\/strong><\/a><\/li>\n<\/ul>\n<p>&nbsp;<\/p>\n<h4>1 MOIS = 1 EMPLOI ! ALORS&#8230; \u00c0 VOS CLAVIERS !<\/h4>\n<p>&nbsp;<\/p>\n<a  itemprop=\"url\" href=\"http:\/\/objectifemploi-ales.fr\/\" target=\"_blank\" data-hover-background-color='#ffffff' data-hover-border-color='#00a8ff' data-hover-color='#00a8ff' class=\"qbutton  large center default\" style=\"color: #ffffff; font-style: normal; font-weight: 500; margin: 5px; background-color: #00a8ff;\">Je m'inscris<i class=\"qode_icon_font_awesome fa fa-arrow-circle-right qode_button_icon_element\" style=\"color: #ffffff;\" ><\/i><\/a>\n<p>&nbsp;<\/p>\n<p><em>Cet \u00e9v\u00e9nement est organis\u00e9 en partenariat avec Al\u00e8s Myriapolis, la DIRECCTE UT30, la MLJ, le PLIE C\u00e9venol, Solidarnet, la Maison de l&rsquo;Emploi Al\u00e8s C\u00e9vennes, le D\u00e9partement du Gard, la R\u00e9gion Occitanie et la Ville d&rsquo;Al\u00e8s.<\/em><\/p>\n","protected":false},"excerpt":{"rendered":"<p>Au regard du contexte sanitaire, Al\u00e8s Agglom\u00e9ration et P\u00f4le emploi co-organisent le salon \u00ab OBJECTIF EMPLOI \u00bb 2021 Al\u00e8s sous un nouveau format 100% en ligne du samedi 27 mars&#8230;<\/p>\n","protected":false},"author":1,"featured_media":2417,"comment_status":"closed","ping_status":"open","sticky":false,"template":"","format":"standard","meta":{"footnotes":"","_links_to":"","_links_to_target":""},"categories":[80,21],"tags":[158,89,155,157,159,156,154],"class_list":["post-2416","post","type-post","status-publish","format-standard","has-post-thumbnail","hentry","category-agenda","category-toute-l-actu","tag-agglomeration","tag-ales","tag-objectif-emploi-en-ligne","tag-offres-demploi","tag-pole-emploi","tag-recrutement","tag-salon-objectif-emploi-ales"],"_links":{"self":[{"href":"https:\/\/www.alesmyriapolis.com\/index.php\/wp-json\/wp\/v2\/posts\/2416","targetHints":{"allow":["GET"]}}],"collection":[{"href":"https:\/\/www.alesmyriapolis.com\/index.php\/wp-json\/wp\/v2\/posts"}],"about":[{"href":"https:\/\/www.alesmyriapolis.com\/index.php\/wp-json\/wp\/v2\/types\/post"}],"author":[{"embeddable":true,"href":"https:\/\/www.alesmyriapolis.com\/index.php\/wp-json\/wp\/v2\/users\/1"}],"replies":[{"embeddable":true,"href":"https:\/\/www.alesmyriapolis.com\/index.php\/wp-json\/wp\/v2\/comments?post=2416"}],"version-history":[{"count":46,"href":"https:\/\/www.alesmyriapolis.com\/index.php\/wp-json\/wp\/v2\/posts\/2416\/revisions"}],"predecessor-version":[{"id":2498,"href":"https:\/\/www.alesmyriapolis.com\/index.php\/wp-json\/wp\/v2\/posts\/2416\/revisions\/2498"}],"wp:featuredmedia":[{"embeddable":true,"href":"https:\/\/www.alesmyriapolis.com\/index.php\/wp-json\/wp\/v2\/media\/2417"}],"wp:attachment":[{"href":"https:\/\/www.alesmyriapolis.com\/index.php\/wp-json\/wp\/v2\/media?parent=2416"}],"wp:term":[{"taxonomy":"category","embeddable":true,"href":"https:\/\/www.alesmyriapolis.com\/index.php\/wp-json\/wp\/v2\/categories?post=2416"},{"taxonomy":"post_tag","embeddable":true,"href":"https:\/\/www.alesmyriapolis.com\/index.php\/wp-json\/wp\/v2\/tags?post=2416"}],"curies":[{"name":"wp","href":"https:\/\/api.w.org\/{rel}","templated":true}]}}