{"id":2729,"date":"2022-08-31T14:46:38","date_gmt":"2022-08-31T12:46:38","guid":{"rendered":"https:\/\/www.alesmyriapolis.com\/?p=2729"},"modified":"2022-08-31T16:25:28","modified_gmt":"2022-08-31T14:25:28","slug":"le-concours-ales-audace-2022-est-lance","status":"publish","type":"post","link":"https:\/\/www.alesmyriapolis.com\/index.php\/2022\/08\/31\/le-concours-ales-audace-2022-est-lance\/","title":{"rendered":"Le Concours Al\u00e8s Audace 2022 est lanc\u00e9 !"},"content":{"rendered":"<p>&nbsp;<\/p>\n<p>Vous avez de l\u2019audace et un projet que vous souhaitez cr\u00e9er ou d\u00e9velopper sur Al\u00e8s Agglom\u00e9ration ? Alors, ce concours est fait pour vous !<\/p>\n<h4>Date limite de d\u00e9p\u00f4t des candidatures : 23 octobre 2022<\/h4>\n<h5><\/h5>\n<p>&nbsp;<\/p>\n<h5><strong>Le concours Al\u00e8s Audace<\/strong><\/h5>\n<p>Pour cette 10e \u00e9dition, Al\u00e8s Audace r\u00e9serve une dotation exceptionnelle de 130 000 \u20ac aux laur\u00e9ats et un appui strat\u00e9gique aux candidats les plus m\u00e9ritants.<\/p>\n<p><strong>Cr\u00e9\u00e9 en 2012, le concours a permis d&rsquo;attribuer depuis sa cr\u00e9ation 1 019 400 \u20ac de dotations qui ont r\u00e9compens\u00e9 87 projets de cr\u00e9ation ou de d\u00e9veloppement sur le territoire Al\u00e8s-C\u00e9vennes<\/strong>. \u00ab <em>Au-del\u00e0 de la somme d\u2019argent qu\u2019ils peuvent recevoir, les laur\u00e9ats appr\u00e9cient aussi l\u2019accompagnement que nous leur proposons apr\u00e8s le concours<\/em>, explique Annick Le Lan, directrice d\u2019Al\u00e8s Myriapolis. <em>Sans compter que ce prix Al\u00e8s Audace rajoute aussi de la cr\u00e9dibilit\u00e9 au moment de d\u00e9marcher des partenaires financiers<\/em> \u00bb.<\/p>\n<p><strong>Le concours est organis\u00e9 en partenariat avec l&rsquo;IMT Mines Al\u00e8s, la SAEM Al\u00e8s et Leader Al\u00e8s.<\/strong><\/p>\n<p>&nbsp;<\/p>\n<div id=\"attachment_2553\" style=\"width: 810px\" class=\"wp-caption alignnone\"><img loading=\"lazy\" decoding=\"async\" aria-describedby=\"caption-attachment-2553\" class=\"wp-image-2553\" src=\"https:\/\/www.alesmyriapolis.com\/wp-content\/uploads\/2021\/08\/ales-audace-2021-1024x399.jpg\" alt=\"\" width=\"800\" height=\"312\" srcset=\"https:\/\/www.alesmyriapolis.com\/wp-content\/uploads\/2021\/08\/ales-audace-2021-1024x399.jpg 1024w, https:\/\/www.alesmyriapolis.com\/wp-content\/uploads\/2021\/08\/ales-audace-2021-300x117.jpg 300w, https:\/\/www.alesmyriapolis.com\/wp-content\/uploads\/2021\/08\/ales-audace-2021-768x299.jpg 768w, https:\/\/www.alesmyriapolis.com\/wp-content\/uploads\/2021\/08\/ales-audace-2021-1536x598.jpg 1536w, https:\/\/www.alesmyriapolis.com\/wp-content\/uploads\/2021\/08\/ales-audace-2021-700x273.jpg 700w, https:\/\/www.alesmyriapolis.com\/wp-content\/uploads\/2021\/08\/ales-audace-2021.jpg 1538w\" sizes=\"auto, (max-width: 800px) 100vw, 800px\" \/><p id=\"caption-attachment-2553\" class=\"wp-caption-text\"><em>Al\u00e8s Audace 2021 &#8211; C\u00e9r\u00e9monie de remise des prix<\/em><\/p><\/div>\n<p>&nbsp;<\/p>\n<h5><strong><a href=\"https:\/\/www.ales.fr\/territoire\/ales-agglo-capitale-francaise-de-la-culture\/?utm_campaign=capitale-francaise-de-la-culture&amp;utm_source=capitale-francaise-de-la-culture&amp;utm_medium=popup\"><img loading=\"lazy\" decoding=\"async\" class=\"alignleft wp-image-2745 size-medium\" src=\"https:\/\/www.alesmyriapolis.com\/wp-content\/uploads\/2022\/08\/alescapitaleculture2024-300x200.jpg\" alt=\"\" width=\"300\" height=\"200\" srcset=\"https:\/\/www.alesmyriapolis.com\/wp-content\/uploads\/2022\/08\/alescapitaleculture2024-300x200.jpg 300w, https:\/\/www.alesmyriapolis.com\/wp-content\/uploads\/2022\/08\/alescapitaleculture2024-1024x683.jpg 1024w, https:\/\/www.alesmyriapolis.com\/wp-content\/uploads\/2022\/08\/alescapitaleculture2024-768x513.jpg 768w, https:\/\/www.alesmyriapolis.com\/wp-content\/uploads\/2022\/08\/alescapitaleculture2024-1536x1025.jpg 1536w, https:\/\/www.alesmyriapolis.com\/wp-content\/uploads\/2022\/08\/alescapitaleculture2024-2048x1367.jpg 2048w, https:\/\/www.alesmyriapolis.com\/wp-content\/uploads\/2022\/08\/alescapitaleculture2024-700x467.jpg 700w\" sizes=\"auto, (max-width: 300px) 100vw, 300px\" \/><\/a><\/strong><\/h5>\n<h5><\/h5>\n<p>&nbsp;<\/p>\n<h5><strong>D\u00e9fi sp\u00e9cial 2022 \u00ab Culture \u00bb<\/strong><\/h5>\n<p>Vous \u00eates dans le monde de la culture ? Un artiste, une association\u2026 ? Vous avez un projet de cr\u00e9ation ou de d\u00e9veloppement d\u2019un \u00e9v\u00e8nement culturel ? Vous souhaitez participer \u00e0 la dynamique de la candidature d\u2019Al\u00e8s Agglom\u00e9ration au label de la capitale fran\u00e7aise de la culture 2024 ? Alors ce d\u00e9fi est fait pour vous ! <strong><a href=\"https:\/\/www.ales-audace.fr\/defi-culturel-pour-2022\/\" target=\"_blank\" rel=\"noopener\">Lancez-vous !<\/a><\/strong><\/p>\n<p>&nbsp;<\/p>\n<h5><\/h5>\n<h5><strong>Nos conseils<\/strong><\/h5>\n<p>Soyez vraiment inventif,\u00a0expliquez bien l\u2019originalit\u00e9 et l\u2019utilit\u00e9\u00a0de votre projet et \u00ab b\u00e9tonnez \u00bb vos argumentations afin que le jury\u00a0s\u2019int\u00e9resse \u00e0 la faisabilit\u00e9 de votre projet et \u00e0 la justification d\u2019une aide\u00a0financi\u00e8re ou technique.<\/p>\n<p>Enfin, derni\u00e8re recommandation : ne confondez\u00a0pas vitesse et pr\u00e9cipitation !\u00a0Les <strong><a href=\"https:\/\/www.ales-audace.fr\/comment-participer\/\" target=\"_blank\" rel=\"noopener\">inscriptions<\/a> <\/strong>sont ouvertes depuis le 29 ao\u00fbt 2022, mais vous avez jusqu\u2019au 23 octobre 2022,\u00a0 23h59 pour d\u00e9poser en ligne votre candidature ou l\u2019envoyer par la Poste. Cela vous laisse un peu de temps pour peaufiner votre projet et votre argumentaire.<\/p>\n<div class=\"wpb_text_column wpb_content_element vc_custom_1611825954674\">\n<div class=\"wpb_wrapper\">\n<h5><\/h5>\n<p>&nbsp;<\/p>\n<h5><strong>Les modalit\u00e9s d\u2019inscription et le d\u00e9roulement du concours<\/strong><\/h5>\n<p>\u2022 \u00c0 partir du 29 ao\u00fbt 2022, <strong><a href=\"http:\/\/www.ales-audace.fr\/concourir-a-ledition-2022\/\" target=\"_blank\" rel=\"noopener\">t\u00e9l\u00e9chargez votre dossier de candidature sur le site web d&rsquo;Al\u00e8s Audace<\/a><\/strong><\/p>\n<p>\u2022\u00a0Jusqu\u2019au 23 Octobre 2022, 23h59, envoyez votre dossier de candidature par courriel \u00e0\u00a0concoursalesaudace@gmail.com\u00a0ou postez-le \u00e0 :<br \/>\nConcours Al\u00e8s Audace, Al\u00e8s Agglom\u00e9ration, Service D\u00e9veloppement Economique, HUP \u2013 6 Place des Martyrs de la R\u00e9sistance \u2013 30100 Al\u00e8s.<\/p>\n<p>Remplissez ce dossier, en veillant bien \u00e0 la clart\u00e9 et \u00e0 la pertinence de vos informations.<\/p>\n<p>\u2022\u00a0Entre le 15 et le 25 novembre 2022, apr\u00e8s ouverture et analyse des plis par le jury de pr\u00e9-s\u00e9lection,\u00a0les projets pr\u00e9-s\u00e9lectionn\u00e9s pour le concours g\u00e9n\u00e9ral et d\u00e9fi sont retenus pour une pr\u00e9sentation orale devant un jury compos\u00e9\u00a0de 6 \u00e0 9 personnes, repr\u00e9sentant les partenaires du concours et le monde de l\u2019entreprise, de la formation, de la culture, du tourisme et des structures institutionnelles locales.<\/p>\n<p>\u2022 Du 28 novembre au 4 d\u00e9cembre 2022, place aux votes du public sur ales-audace.fr<\/p>\n<p>\u2022\u00a0Le 8 d\u00e9cembre 2022, l\u2019annonce des r\u00e9sultats et la remise officielle des prix auront lieu lors d\u2019une c\u00e9r\u00e9monie organis\u00e9e sur Al\u00e8s.<\/p>\n<\/div>\n<\/div>\n<p>&nbsp;<\/p>\n<h5><strong>Les crit\u00e8res de s\u00e9lection<\/strong><\/h5>\n<ul>\n<li>Originalit\u00e9 et audace du projet<\/li>\n<li>Engagement et motivation du candidat<\/li>\n<li>Faisabilit\u00e9 (technique, \u00e9conomique, commerciale) et chance d\u2019aboutir<\/li>\n<li>Int\u00e9r\u00eat du projet pour le territoire d\u2019Al\u00e8s Agglom\u00e9ration sur le plan \u00e9conomique, culturel, touristique ou \u00e9v\u00e9nementiel<\/li>\n<li>Participation du projet au renforcement de l\u2019image d\u2019Al\u00e8s Agglom\u00e9ration et de son attractivit\u00e9 (retomb\u00e9es m\u00e9diatiques\u2026)<\/li>\n<li>D\u00e9fi \u00ab Culture \u00bb : projet favorisant l\u2019attractivit\u00e9 culturelle du territoire, projet s\u2019inscrivant dans la th\u00e9matique du label Capitale Fran\u00e7aise de la culture, nouveaux projets \u2026<\/li>\n<\/ul>\n<p>&nbsp;<\/p>\n<p>N&rsquo;h\u00e9sitez pas \u00e0 <strong><a href=\"https:\/\/www.alesmyriapolis.com\/index.php\/contact-3\/\">nous contacter<\/a><\/strong> pour toute information compl\u00e9mentaire !<\/p>\n<p>&nbsp;<\/p>\n<p><a href=\"https:\/\/www.ales-audace.fr\"><img loading=\"lazy\" decoding=\"async\" class=\"aligncenter wp-image-2737 size-full\" src=\"https:\/\/www.alesmyriapolis.com\/wp-content\/uploads\/2022\/08\/468x60px-CampagneAle\u0300sAudace2022-MAF-ObjectifGard.jpg\" alt=\"\" width=\"468\" height=\"73\" srcset=\"https:\/\/www.alesmyriapolis.com\/wp-content\/uploads\/2022\/08\/468x60px-CampagneAle\u0300sAudace2022-MAF-ObjectifGard.jpg 468w, https:\/\/www.alesmyriapolis.com\/wp-content\/uploads\/2022\/08\/468x60px-CampagneAle\u0300sAudace2022-MAF-ObjectifGard-300x47.jpg 300w\" sizes=\"auto, (max-width: 468px) 100vw, 468px\" \/><\/a><\/p>\n","protected":false},"excerpt":{"rendered":"<p>&nbsp; Vous avez de l\u2019audace et un projet que vous souhaitez cr\u00e9er ou d\u00e9velopper sur Al\u00e8s Agglom\u00e9ration ? Alors, ce concours est fait pour vous ! Date limite de d\u00e9p\u00f4t&#8230;<\/p>\n","protected":false},"author":1,"featured_media":2730,"comment_status":"open","ping_status":"open","sticky":false,"template":"","format":"standard","meta":{"footnotes":"","_links_to":"","_links_to_target":""},"categories":[70,21],"tags":[89,115,92,93,110,111],"class_list":["post-2729","post","type-post","status-publish","format-standard","has-post-thumbnail","hentry","category-ales-audace","category-toute-l-actu","tag-ales","tag-ales-agglomeration","tag-ales-audace","tag-concours","tag-gard","tag-occitanie"],"_links":{"self":[{"href":"https:\/\/www.alesmyriapolis.com\/index.php\/wp-json\/wp\/v2\/posts\/2729","targetHints":{"allow":["GET"]}}],"collection":[{"href":"https:\/\/www.alesmyriapolis.com\/index.php\/wp-json\/wp\/v2\/posts"}],"about":[{"href":"https:\/\/www.alesmyriapolis.com\/index.php\/wp-json\/wp\/v2\/types\/post"}],"author":[{"embeddable":true,"href":"https:\/\/www.alesmyriapolis.com\/index.php\/wp-json\/wp\/v2\/users\/1"}],"replies":[{"embeddable":true,"href":"https:\/\/www.alesmyriapolis.com\/index.php\/wp-json\/wp\/v2\/comments?post=2729"}],"version-history":[{"count":21,"href":"https:\/\/www.alesmyriapolis.com\/index.php\/wp-json\/wp\/v2\/posts\/2729\/revisions"}],"predecessor-version":[{"id":2753,"href":"https:\/\/www.alesmyriapolis.com\/index.php\/wp-json\/wp\/v2\/posts\/2729\/revisions\/2753"}],"wp:featuredmedia":[{"embeddable":true,"href":"https:\/\/www.alesmyriapolis.com\/index.php\/wp-json\/wp\/v2\/media\/2730"}],"wp:attachment":[{"href":"https:\/\/www.alesmyriapolis.com\/index.php\/wp-json\/wp\/v2\/media?parent=2729"}],"wp:term":[{"taxonomy":"category","embeddable":true,"href":"https:\/\/www.alesmyriapolis.com\/index.php\/wp-json\/wp\/v2\/categories?post=2729"},{"taxonomy":"post_tag","embeddable":true,"href":"https:\/\/www.alesmyriapolis.com\/index.php\/wp-json\/wp\/v2\/tags?post=2729"}],"curies":[{"name":"wp","href":"https:\/\/api.w.org\/{rel}","templated":true}]}}