{"id":3430,"date":"2026-04-08T16:20:38","date_gmt":"2026-04-08T14:20:38","guid":{"rendered":"https:\/\/www.alesmyriapolis.com\/?p=3430"},"modified":"2026-04-08T16:20:38","modified_gmt":"2026-04-08T14:20:38","slug":"et-si-vos-eclairages-exterieurs-devenaient-un-levier-deconomies-et-de-protection-de-la-nuit","status":"publish","type":"post","link":"https:\/\/www.alesmyriapolis.com\/index.php\/2026\/04\/08\/et-si-vos-eclairages-exterieurs-devenaient-un-levier-deconomies-et-de-protection-de-la-nuit\/","title":{"rendered":"Et si vos \u00e9clairages ext\u00e9rieurs devenaient un levier d\u2019\u00e9conomies\u2026 et de protection de la nuit ?"},"content":{"rendered":"<p>Depuis 2018, le territoire du Parc national des C\u00e9vennes est reconnu <strong>R\u00e9serve Internationale de Ciel \u00c9toil\u00e9 (RICE)<\/strong>. Aux c\u00f4t\u00e9s du Parc, les collectivit\u00e9s se mobilisent activement pour r\u00e9duire la pollution lumineuse li\u00e9e \u00e0 l\u2019\u00e9clairage public.<\/p>\n<p>Les observations satellitaires r\u00e9alis\u00e9es au c\u0153ur de la nuit montrent une \u00e9volution tr\u00e8s positive en dix ans : le halo lumineux diminue et le ciel s\u2019assombrit, notamment en Loz\u00e8re et dans le Gard c\u00e9venol. Ce r\u00e9sultat est le fruit d\u2019actions concr\u00e8tes men\u00e9es par les communes avec l\u2019appui des Syndicats d\u2019\u00e9nergie (SDEE\u00a048, Territoire d&rsquo;\u00e9nergie Gard &#8211; SMEG, SDE 07) et d\u2019Al\u00e8s Agglom\u00e9ration.<\/p>\n<p><strong>Des investissements importants\u2026 et efficaces<\/strong><\/p>\n<p>En dix ans :<\/p>\n<ul>\n<li>plus de <strong>11 000 lampadaires<\/strong> ont \u00e9t\u00e9 r\u00e9nov\u00e9s sur les 22\u00a0000 que compte le territoire,<\/li>\n<li>des installations anciennes et \u00e9nergivores ont \u00e9t\u00e9 remplac\u00e9es par des \u00e9quipements <strong>moins puissants <\/strong>(mais tout aussi efficaces)<strong>, mieux orient\u00e9s et plus sobres<\/strong>,<\/li>\n<li>pr\u00e8s de <strong>75 communes sur 115<\/strong> pratiquent aujourd\u2019hui l\u2019<strong>extinction de l\u2019\u00e9clairage en milieu de nuit,<\/strong> g\u00e9n\u00e9ralement entre 23h et 5h.<\/li>\n<\/ul>\n<p>Ces efforts repr\u00e9sentent <strong>plus de 11 millions d\u2019euros investis<\/strong> pour remplacer du mat\u00e9riel ancien, parfois des lampes de 100 watts et plus, pour du mat\u00e9riel \u00e9conome de 30 \u00e0 40 watts en led. Cet effort important a \u00e9t\u00e9 notamment permis gr\u00e2ce au soutien financier de la r\u00e9gion Occitanie via les fonds europ\u00e9ens FEDER, de l\u2019Etat via France Relance et les Fonds Verts, des Syndicats d\u00e9partementaux d\u2019\u00e9nergie, d&rsquo;Al\u00e8s agglom\u00e9ration et des communes du territoire.<\/p>\n<p><strong>Pourquoi agir aussi c\u00f4t\u00e9 entreprises ?<\/strong><\/p>\n<p>La pollution lumineuse ne provient pas uniquement de l\u2019\u00e9clairage public. Les zones d\u2019activit\u00e9s, fa\u00e7ades, parkings, enseignes et vitrines peuvent aussi avoir un impact.<\/p>\n<p>Un \u00e9clairage excessif ou mal orient\u00e9 :<\/p>\n<ul>\n<li>perturbe la <strong>biodiversit\u00e9 nocturne<\/strong> (insectes, chauves-souris, oiseaux\u2026),<\/li>\n<li>peut affecter la <strong>sant\u00e9 et le sommeil<\/strong> des riverains,<\/li>\n<li>et contribue \u00e0 la disparition du <strong>ciel \u00e9toil\u00e9<\/strong>.<\/li>\n<\/ul>\n<p><strong>R\u00e9nover son \u00e9clairage : un choix gagnant pour les entreprises<\/strong><\/p>\n<p>Moderniser et mieux g\u00e9rer les \u00e9clairages ext\u00e9rieurs de son commerce ou de ses bureaux, c\u2019est :<\/p>\n<p>\u2714 <strong>Se mettre en conformit\u00e9 avec la r\u00e9glementation<\/strong>, qui impose l\u2019extinction des \u00e9clairages de vitrines, bureaux et fa\u00e7ades soit 1h apr\u00e8s la fermeture de l\u2019activit\u00e9, soit \u00e0 1h du matin au maximum<\/p>\n<p>\u2714 <strong>R\u00e9duire ses factures d\u2019\u00e9nergie<\/strong> gr\u00e2ce \u00e0 des \u00e9quipements plus performants et une dur\u00e9e d\u2019\u00e9clairage ma\u00eetris\u00e9e<\/p>\n<p>\u2714 <strong>Diminuer son impact environnemental<\/strong>, notamment sur la faune nocturne,<\/p>\n<p>\u2714 <strong>Limiter<\/strong> les nuisances lumineuses pour les riverains et am\u00e9liorer leur sommeil,<\/p>\n<p>\u2714 <strong>Valoriser sa d\u00e9marche RSE<\/strong>,<\/p>\n<p>\u2714 <strong>S\u2019inscrire dans la dynamique collective<\/strong> engag\u00e9e par les communes, les Syndicats d\u2019\u00e9nergie et Al\u00e8s agglom\u00e9ration dans le cadre de la RICE du Parc national des C\u00e9vennes<\/p>\n<p><strong>Un guide pratique pour passer \u00e0 l\u2019action<\/strong><\/p>\n<p>Pour vous accompagner, un <strong>guide pratique de l\u2019\u00e9clairage des locaux professionnels et des habitations<\/strong> est disponible. Il propose des conseils concrets, des solutions techniques et des rep\u00e8res r\u00e9glementaires pour adapter ses installations simplement et efficacement.<\/p>\n<p>\ud83d\udc49 <a href=\"https:\/\/www.cevennes-parcnational.fr\/fr\/actualites\/moins-de-lumiere-plus-detoiles-et-si-vous-participiez-la-reconquete-du-ciel-nocturne\"><strong>T\u00e9l\u00e9charger le guide pratique<\/strong><\/a><\/p>\n","protected":false},"excerpt":{"rendered":"<p>Depuis 2018, le territoire du Parc national des C\u00e9vennes est reconnu R\u00e9serve Internationale de Ciel \u00c9toil\u00e9 (RICE). Aux c\u00f4t\u00e9s du Parc, les collectivit\u00e9s se mobilisent activement pour r\u00e9duire la pollution&#8230;<\/p>\n","protected":false},"author":7,"featured_media":3431,"comment_status":"closed","ping_status":"open","sticky":false,"template":"","format":"standard","meta":{"footnotes":"","_links_to":"","_links_to_target":""},"categories":[73,87,21],"tags":[],"class_list":["post-3430","post","type-post","status-publish","format-standard","has-post-thumbnail","hentry","category-industrie","category-territoire","category-toute-l-actu"],"_links":{"self":[{"href":"https:\/\/www.alesmyriapolis.com\/index.php\/wp-json\/wp\/v2\/posts\/3430","targetHints":{"allow":["GET"]}}],"collection":[{"href":"https:\/\/www.alesmyriapolis.com\/index.php\/wp-json\/wp\/v2\/posts"}],"about":[{"href":"https:\/\/www.alesmyriapolis.com\/index.php\/wp-json\/wp\/v2\/types\/post"}],"author":[{"embeddable":true,"href":"https:\/\/www.alesmyriapolis.com\/index.php\/wp-json\/wp\/v2\/users\/7"}],"replies":[{"embeddable":true,"href":"https:\/\/www.alesmyriapolis.com\/index.php\/wp-json\/wp\/v2\/comments?post=3430"}],"version-history":[{"count":1,"href":"https:\/\/www.alesmyriapolis.com\/index.php\/wp-json\/wp\/v2\/posts\/3430\/revisions"}],"predecessor-version":[{"id":3432,"href":"https:\/\/www.alesmyriapolis.com\/index.php\/wp-json\/wp\/v2\/posts\/3430\/revisions\/3432"}],"wp:featuredmedia":[{"embeddable":true,"href":"https:\/\/www.alesmyriapolis.com\/index.php\/wp-json\/wp\/v2\/media\/3431"}],"wp:attachment":[{"href":"https:\/\/www.alesmyriapolis.com\/index.php\/wp-json\/wp\/v2\/media?parent=3430"}],"wp:term":[{"taxonomy":"category","embeddable":true,"href":"https:\/\/www.alesmyriapolis.com\/index.php\/wp-json\/wp\/v2\/categories?post=3430"},{"taxonomy":"post_tag","embeddable":true,"href":"https:\/\/www.alesmyriapolis.com\/index.php\/wp-json\/wp\/v2\/tags?post=3430"}],"curies":[{"name":"wp","href":"https:\/\/api.w.org\/{rel}","templated":true}]}}